{"id":2852,"date":"2015-09-13T15:34:56","date_gmt":"2015-09-13T13:34:56","guid":{"rendered":"http:\/\/machmaleinen.com\/blog\/?p=2852"},"modified":"2015-09-13T16:55:15","modified_gmt":"2015-09-13T14:55:15","slug":"interview-is-tropical","status":"publish","type":"post","link":"https:\/\/machmaleinen.com\/blog\/2015\/09\/interview-is-tropical\/","title":{"rendered":"Interview: Is Tropical"},"content":{"rendered":"<p class=\"p1\"><img data-attachment-id=\"2855\" data-permalink=\"https:\/\/machmaleinen.com\/blog\/2015\/09\/interview-is-tropical\/skyline300dpi_care\/\" data-orig-file=\"https:\/\/i2.wp.com\/machmaleinen.com\/blog\/wp-content\/uploads\/2015\/09\/Skyline300dpi_care.jpg?fit=2378%2C3000&amp;ssl=1\" data-orig-size=\"2378,3000\" data-comments-opened=\"1\" data-image-meta=\"{&quot;aperture&quot;:&quot;0&quot;,&quot;credit&quot;:&quot;&quot;,&quot;camera&quot;:&quot;&quot;,&quot;caption&quot;:&quot;&quot;,&quot;created_timestamp&quot;:&quot;0&quot;,&quot;copyright&quot;:&quot;&quot;,&quot;focal_length&quot;:&quot;0&quot;,&quot;iso&quot;:&quot;0&quot;,&quot;shutter_speed&quot;:&quot;0&quot;,&quot;title&quot;:&quot;&quot;,&quot;orientation&quot;:&quot;1&quot;}\" data-image-title=\"Skyline300dpi_care\" data-image-description=\"\" data-medium-file=\"https:\/\/i2.wp.com\/machmaleinen.com\/blog\/wp-content\/uploads\/2015\/09\/Skyline300dpi_care.jpg?fit=238%2C300&amp;ssl=1\" data-large-file=\"https:\/\/i2.wp.com\/machmaleinen.com\/blog\/wp-content\/uploads\/2015\/09\/Skyline300dpi_care.jpg?fit=812%2C1024&amp;ssl=1\" loading=\"lazy\" class=\"aligncenter size-large wp-image-2855\" src=\"https:\/\/i1.wp.com\/machmaleinen.com\/blog\/wp-content\/uploads\/2015\/09\/Skyline300dpi_care-812x1024.jpg?resize=812%2C1024\" alt=\"Skyline300dpi_care\" width=\"812\" height=\"1024\" srcset=\"https:\/\/i2.wp.com\/machmaleinen.com\/blog\/wp-content\/uploads\/2015\/09\/Skyline300dpi_care.jpg?resize=812%2C1024&amp;ssl=1 812w, https:\/\/i2.wp.com\/machmaleinen.com\/blog\/wp-content\/uploads\/2015\/09\/Skyline300dpi_care.jpg?resize=238%2C300&amp;ssl=1 238w, https:\/\/i2.wp.com\/machmaleinen.com\/blog\/wp-content\/uploads\/2015\/09\/Skyline300dpi_care.jpg?resize=881%2C1111&amp;ssl=1 881w, https:\/\/i2.wp.com\/machmaleinen.com\/blog\/wp-content\/uploads\/2015\/09\/Skyline300dpi_care.jpg?w=1800&amp;ssl=1 1800w\" sizes=\"(max-width: 812px) 100vw, 812px\" data-recalc-dims=\"1\" \/><\/p>\n<p class=\"p1\">Ziemlich genau vier Jahre ist es her, seitdem ich den drei jungen Rebellen von <strong>Is Tropical<\/strong> in K\u00f6ln gegen\u00fcber sa\u00df. Ihre Gesichter in T\u00fccher geh\u00fcllt beantworteten sie meine Fragen. &#8216;Wasted sein&#8217; war en vogue und die Jungs\u00a0trugen ihren\u00a0Teil zu diesem Trend bei.<\/p>\n<p class=\"p1\">Vier Jahre sp\u00e4ter hat die Band\u00a0ein weiteres Album und zig Singles ver\u00f6ffentlicht, ihr Label gewechselt und Musik auf \u00fcber vier\u00a0Kontinenten aufgenommen. Ausgerechnet im sonst biederen Programm des Essener Stra\u00dfenfestivals &#8220;<em>Essen Original&#8221;<\/em>\u00a0sto\u00dfe ich auf ihren Namen<em>.\u00a0<\/em>Mir gef\u00e4llt die Idee eines Wiedersehens und so arrangiere ich ein Treffen.<\/p>\n<p class=\"p1\">Nach ihrem Auftritt auf der B\u00fchne am Weberplatz treffen wir uns in einem versifften\u00a0Park um die Ecke wieder. Gary und Simon erinnern sich an mich, aber nicht mehr so recht, bei welchem Auftritt wir uns erstmals\u00a0begegneten.<\/p>\n<h3 class=\"p1\">IS TROPICAL BEI UNSEREM ERSTEN TREFFEN 2011<\/h3>\n<p><iframe src=\"https:\/\/www.youtube.com\/embed\/8xOgWSE103w?rel=0&amp;controls=0&amp;showinfo=0\" width=\"640\" height=\"360\" frameborder=\"0\" allowfullscreen=\"allowfullscreen\"><\/iframe><\/p>\n<p class=\"p1\"><span class=\"s1\"><b>Damals haben wir uns im Geb\u00e4ude 9 in K\u00f6ln getroffen, bei eurer ersten Tour durch Deutschland: Ihr gerade frisch im Hype und wir frisch im Interviewbusiness. Als wir im Vorraum das Interview gemacht haben, hat gerade die Vorband ihren Soundcheck gemacht. Man hat hinterher nichts mehr auf der Aufnahme geh\u00f6rt und wir konnten das Interview nicht verwenden.\u00a0<\/b><\/span><\/p>\n<p class=\"p1\"><em><span class=\"s1\">Simon: Fuck! Das passiert aber vielen. Du h\u00e4ttest auch einfach irgendwas schreiben k\u00f6nnen. Du hast unsere Erlaubnis! Aber das war an einem Sonntag oder Montag, oder? Auf jeden Fall verdammt lang her. Erstes Album. Wir haben entt\u00e4uscht, oder? Sind dem Hype nicht gerecht geworden.<\/span><\/em><\/p>\n<p class=\"p1\"><span class=\"s1\"><b>An dem Abend wollte keine rechte Stimmung aufkommen. Das lag aber wahrscheinlich eher daran, dass ihr unter der Woche gespielt habt. <\/b><\/span><\/p>\n<p class=\"p1\"><em><span class=\"s1\">Simon: Oder an der Jahreszeit. Nein, es hat uns auch einfach nicht interessiert. Wir wollten eigentlich n\u00fcchtern bleiben an dem Abend \u2026 War das nicht irgendwo in einer Bar, wo man eine Treppe runtergehen musste? <\/span><\/em><\/p>\n<p class=\"p1\"><span class=\"s1\"><b>Keine Treppe. Ein altes Fabrikgel\u00e4nde. Das haben sie vor einem Jahr fast geschlossen. Die Stadt wollte dort ein Wohn- und B\u00fcrokomplex errichten. Doch die Kreativen haben sich gewehrt und es konnte gerettet werden. <\/b><\/span><\/p>\n<p class=\"p1\"><span class=\"s1\"><em>Gary: So ist es doch immer. Sie versuchen das in London auch. Soho hat fast alle Live-Venues verloren und das Gleiche versuchen sie mit East London auch. Weil die Leute die dort hingezogen sind sich beschweren. Sie ziehen an einen Ort, von dem sie wissen, dass dort viel passiert. Und dann beschweren sie sich. Ich denke mir immer: Du wusstest verdammt noch mal wo du hinziehst. Warum beschwerst du dich jetzt?<\/em> <\/span><\/p>\n<p class=\"p1\"><em><span class=\"s1\">Simon: London wird immer mehr ein Platz f\u00fcr Million\u00e4re. Aber reiche Leute schaffen keine Kultur &#8211;\u00a0sie zerst\u00f6ren sie. Und deswegen geht London unter. Eine Menge Leute kann es sich nicht mehr leisten, in London zu wohnen und deswegen ziehen sie weg &#8211; viele nach Berlin. <\/span><\/em><\/p>\n<p class=\"p1\"><span class=\"s1\"><b>Die Reichen folgen den Kreativen und dann steigen die Mieten, bis die Kreativen es sich nicht mehr leisten k\u00f6nnen und umziehen m\u00fcssen. Dann folgen die Reichen wieder den Kreativen und das Spiel beginnt von vorn. <\/b><\/span><\/p>\n<p class=\"p1\"><em><span class=\"s1\">Gary: Ganz sch\u00f6n abgefucked. Und wie ist es in Essen? <\/span><\/em><\/p>\n<p class=\"p1\"><span class=\"s1\"><b>Das Problem in Essen ist, dass es in der N\u00e4he von K\u00f6ln liegt. Jeder der Bands sehen m\u00f6chte, f\u00e4hrt nach K\u00f6ln. Und so gut wie keine Band macht einen Abstecher nach Essen. Es gibt h\u00f6chstens ein oder zwei wirklich gute Venues f\u00fcr Konzerte &#8211; dann gibt es noch Kay Shanghai und den Goethebunker &#8211; das war\u2019s. <\/b><\/span><\/p>\n<p class=\"p1\"><em><span class=\"s1\">Gary: Wie weit ist es nach K\u00f6ln? <\/span><\/em><\/p>\n<p class=\"p1\"><span class=\"s1\"><b>Eine Stunde.<\/b><\/span><\/p>\n<p class=\"p1\"><em><span class=\"s1\">Gary: Wir sind zuletzt durch halb Europa geflogen. Gerade ist Festivalsaison. Wir waren viel in Spanien und in Italien. Normalerweise f\u00e4hrst du mit dem Van und bist in vier Stunden beim n\u00e4chsten Gig. Aber in letzter Zeit sind wir viel geflogen. Vor zwei Tagen haben wir in Spanien gespielt. Es hat sechs Stunden gedauert: Zum Flughafen hin, dann warten, ins Flugzeug, landen, warten bis man abgeholt wird, die Show spielen und dann das gleiche Spiel. Es ist verdammt anstrengend. Ich habe lieber einen Van, wo ich die ganze Zeit schlafen kann. <\/span><\/em><\/p>\n<p class=\"p1\"><em><span class=\"s1\">Simon: Ich h\u00e4tte gestern n\u00fcchtern bleiben sollen. Ich kann mich nicht mehr daran erinnern wie ich ins Flugzeug gestiegen bin.<\/span><\/em><br \/>\n<img data-attachment-id=\"2868\" data-permalink=\"https:\/\/machmaleinen.com\/blog\/2015\/09\/interview-is-tropical\/ispola\/\" data-orig-file=\"https:\/\/i1.wp.com\/machmaleinen.com\/blog\/wp-content\/uploads\/2015\/09\/ispola.png?fit=1500%2C984&amp;ssl=1\" data-orig-size=\"1500,984\" data-comments-opened=\"1\" data-image-meta=\"{&quot;aperture&quot;:&quot;0&quot;,&quot;credit&quot;:&quot;&quot;,&quot;camera&quot;:&quot;&quot;,&quot;caption&quot;:&quot;&quot;,&quot;created_timestamp&quot;:&quot;0&quot;,&quot;copyright&quot;:&quot;&quot;,&quot;focal_length&quot;:&quot;0&quot;,&quot;iso&quot;:&quot;0&quot;,&quot;shutter_speed&quot;:&quot;0&quot;,&quot;title&quot;:&quot;&quot;,&quot;orientation&quot;:&quot;0&quot;}\" data-image-title=\"ispola\" data-image-description=\"\" data-medium-file=\"https:\/\/i1.wp.com\/machmaleinen.com\/blog\/wp-content\/uploads\/2015\/09\/ispola.png?fit=300%2C197&amp;ssl=1\" data-large-file=\"https:\/\/i1.wp.com\/machmaleinen.com\/blog\/wp-content\/uploads\/2015\/09\/ispola.png?fit=900%2C591&amp;ssl=1\" loading=\"lazy\" class=\"aligncenter size-large wp-image-2868\" src=\"https:\/\/i1.wp.com\/machmaleinen.com\/blog\/wp-content\/uploads\/2015\/09\/ispola-1024x672.png?resize=900%2C591\" alt=\"ispola\" width=\"900\" height=\"591\" srcset=\"https:\/\/i1.wp.com\/machmaleinen.com\/blog\/wp-content\/uploads\/2015\/09\/ispola.png?resize=1024%2C672&amp;ssl=1 1024w, https:\/\/i1.wp.com\/machmaleinen.com\/blog\/wp-content\/uploads\/2015\/09\/ispola.png?resize=300%2C197&amp;ssl=1 300w, https:\/\/i1.wp.com\/machmaleinen.com\/blog\/wp-content\/uploads\/2015\/09\/ispola.png?resize=881%2C578&amp;ssl=1 881w, https:\/\/i1.wp.com\/machmaleinen.com\/blog\/wp-content\/uploads\/2015\/09\/ispola.png?w=1500&amp;ssl=1 1500w\" sizes=\"(max-width: 900px) 100vw, 900px\" data-recalc-dims=\"1\" \/><b>Ist euch eigentlich aufgefallen, dass ihr mit einem Wahlauto der CDU, einer konservativen Partei, hergefahren wurdet?<\/b><\/p>\n<p class=\"p1\"><em><span class=\"s1\">Simon: Wir wussten, dass es ein Wahlkampfauto ist aber nicht, wof\u00fcr die Partei steht. Aber konservativ ist ja eigentlich alles, wof\u00fcr wir nicht stehen. Aber der Typ der uns hergefahren hat wird niemals von der Polizei kontrolliert. Anstatt mit uns die regul\u00e4ren Stra\u00dfen zur B\u00fchne zu fahren, ist er einfach mitten durch die Stadt gerast. Dann hat uns die Polizei doch angehalten. Er hat das Fenster aufgemacht und \u201aSorry\u2018 gesagt &#8211; das reichte den Polizisten auch schon. <\/span><span class=\"s1\">Dieser Typ auf dem Wagen kandidiert also?<\/span><\/em><\/p>\n<p class=\"p1\"><span class=\"s1\"><b>Er ist einer der\u00a0Oberb\u00fcrgermeister-Kandidaten f\u00fcr Essen. Aber wie fast alle Kandidaten die zur Wahl stehen, unterscheidet sich sein Wahlprogramm kaum von dem der Anderen. <\/b><\/span><\/p>\n<p class=\"p1\"><em><span class=\"s1\">Simon: Wir haben die selbe Situation in London. Die Regierung ist jetzt konservativ und es ist ziemlich schlimm. Aber es gibt da einen Sozialisten der Labour-Partei, Jeremy Corbyn<strong>*<\/strong>.\u00a0Er macht schon seit den 80er Jahren die \u201eRichtigen Sachen\u201c aber ihn kannte einfach niemand. Jetzt wird er zunehmend bekannter. Er ist gegen diese ganze Privatisierung in London und f\u00fcr mehr Frauenrechte. Er macht diese ganzen coolen Sachen und die Medien, die vor allem von reichen Menschen gef\u00fchrt werden, versuchen ihn mit Schmutzkampagnen zu diskreditieren. Aber es gibt einfach nichts, was sie ihm anh\u00e4ngen k\u00f6nnen. Also versuchen sie es mit wirklich skurrilen Sachen wie etwa: \u201eHey, guckt mal welchen Anzug er tr\u00e4gt. Der ist aus den 80ern. Guckt euch diesen braunen Anzug an.\u201c <\/span><\/em><\/p>\n<p class=\"p1\"><span class=\"s1\"><b>Bei uns gibt es auch eine gro\u00dfe sozialistische Partei, aber ohne dass sie wirklich sozialistisch w\u00e4re. Momentan str\u00f6men hunderttausende Menschen, die aus ihren Heimatl\u00e4ndern fliehen mussten, auf Grund von Krieg oder Verfolgung, nach Europa und nach Deutschland. Aber diese Massen sind gar nicht das echte Problem. Ein gr\u00f6\u00dferes Problem in Deutschland ist das Aufbegehren von fremdenfeindlichen Gruppen. Und pl\u00f6tzlich schweigen sich die gro\u00dfen Politiker aus. <\/b><\/span><\/p>\n<p class=\"p1\"><em><span class=\"s1\">Simon: Das ist auch eine gro\u00dfe Sache in England. Aber das Verr\u00fcckte ist doch, was man den Menschen in Europa klarmachen sollte, dass diese Menschen deswegen aus ihrer Heimat fliehen m\u00fcssen, weil wir dort Kriege angezettelt haben. Wir haben es verkackt und \u00fcbernehmen jetzt keine Verantwortung. <\/span><\/em><\/p>\n<p class=\"p1\"><em><span class=\"s1\">Gary: Sie sagen auch sie h\u00e4tten kein Geld, um den Fl\u00fcchtlingen eine menschenw\u00fcrdige Unterkunft zu finanzieren. Aber auf der anderen Seite haben sie das Geld um Grenzz\u00e4une zu errichten und Sp\u00fcrhunde. Wir haben das Schei\u00dfgeld aber benutzen es f\u00fcr die falschen Sachen. Schickt Boote und rettet die Fl\u00fcchtlinge. <\/span><\/em><\/p>\n<p class=\"p1\"><span class=\"s1\"><b>Nicht zu vergessen, dass Deutschland als drittgr\u00f6\u00dfter Waffenexporteur diese Kriege aktiv unterst\u00fctzt. <\/b><\/span><\/p>\n<p class=\"p1\"><em><span class=\"s1\">In England ist es genau das Selbe. \u00dcberall ist es die selbe Schei\u00dfe. Es ist einfach nur traurig. <\/span><\/em><!--more--><\/p>\n<p class=\"p1\"><iframe src=\"https:\/\/www.youtube.com\/embed\/eRs_U6eYl-c?rel=0&amp;controls=0&amp;showinfo=0\" width=\"640\" height=\"360\" frameborder=\"0\" allowfullscreen=\"allowfullscreen\"><\/iframe><\/p>\n<p class=\"p1\"><span class=\"s1\"><b>Wenn ich an die drei rebellischen Jungs von vor vier Jahren denke, die ihre Gesichter hinter T\u00fcchern oder Masken versteckt haben, was hat sich seitdem ver\u00e4ndert? <\/b><\/span><\/p>\n<p class=\"p1\"><em><span class=\"s1\">Simon: Wir haben realisiert, dass es schwer ist, mit Masken zu singen. Und au\u00dferdem wurde es sehr hei\u00df und schwitzig. Und wenn du auf Tour bist, so nach ein paar Tagen, dann fangen die Dinger f\u00fcrchterlich an zu stinken. Vor allem wenn du zwischendurch noch besoffen bist und dein Atem wie Schei\u00dfe riecht. Am n\u00e4chsten Tag ziehst du sie wieder auf und musst fast kotzen. <\/span><\/em><\/p>\n<p class=\"p1\"><em><span class=\"s1\">Gary: Es ist aber auch, dass wir mittlerweile die Musik machen, die wir machen wollen. Wir brauchen uns nicht davor zu verstecken. Unsere Songs sind pers\u00f6nlicher geworden. Sich dann visuell von den Zuschauern abzugrenzen, passt nicht mehr. <\/span><\/em><\/p>\n<p class=\"p1\"><span class=\"s1\"><b>War es damals eure Entscheidung, die\u00a0Gesichter zu verstecken, oder war das die Idee eures Managements? Wir haben einmal mit <a href=\"https:\/\/www.youtube.com\/watch?v=ZmEaC4297SM\">WU LYF<\/a> gesprochen, die h\u00e4ufig f\u00fcr ihr mysteri\u00f6ses Auftreten kritisiert wurden. Sie sagten uns, dass es die Idee ihres Managements war und sie das eigentlich gar nicht wollten. Wie war es bei euch? <\/b><\/span><\/p>\n<p class=\"p1\"><em><span class=\"s1\">Simon: Bei uns war es unsere eigene Entscheidung. Wir wollten, dass die Leute sich auf unsere Musik konzentrieren und weniger auf uns. Wir wollten keine Boyband sein oder einen Frontmann haben. Wir wollten einfach nur Musik machen.<\/span><\/em><\/p>\n<p class=\"p1\"><em><span class=\"s1\">Gary: Erst kamen wir, dann fingen <a href=\"http:\/\/machmaleinen.com\/blog\/2012\/11\/nie-mehr-lyf\/\" target=\"_blank\">WU LYF<\/a> damit an. Eine verdammt gute Band. Aber in ihren Interviews kamen sie bisweilen ziemlich arrogant r\u00fcber. Besonders als sie in Amerika waren. <\/span><\/em><\/p>\n<p class=\"p1\"><span class=\"s1\"><b>Wenn man sich eure Facebookfotos von fr\u00fcher so anschaut, dann sieht man vor allem Fotos von heftigen Partyn\u00e4chten oder selbstgestochen Tattoos. Seid ihr inzwischen etwas ruhiger geworden? Habt vielleicht sogar eine Art Frieden in der Musik gefunden?<\/b><\/span><\/p>\n<p class=\"p1\"><em><span class=\"s1\">Simon: Vielleicht ein bisschen \u2026 Ne, eher nicht. Wir sind genauso schlimm wie zuvor. <\/span><\/em><\/p>\n<p class=\"p1\"><em><span class=\"s1\">Gary: Er kann sie nicht erinnern, wie er heute Morgen ins Flugzeug gestiegen ist und ich bin in Spanien durch den Zoll gegangen, als mir ein P\u00e4ckchen Koks aus der Tasche gefallen ist. Und ich dachte so: Wow, Fuck! Ich hatte ganz vergessen, dass ich es mit durch den Zoll genommen hatte. <\/span><\/em><\/p>\n<p class=\"p1\"><em><span class=\"s1\">Simon: Ein Freund von uns sagt immer: Ihr seid wie eine Klassenfahrt, die kein Ende nimmt. <\/span><\/em><\/p>\n<p class=\"p1\"><span class=\"s1\"><b>Ich denke, wenn nicht ihr reifer geworden seid, dann ist es zumindest eure Musik.<\/b><\/span><\/p>\n<p class=\"p1\"><em><span class=\"s1\">Gary: Definitiv. <\/span><\/em><\/p>\n<p class=\"p1\"><em><span class=\"s1\">Simon: Wir haben den <a href=\"http:\/\/www.kitsune.fr\/\" target=\"_blank\">Kitsun\u00e9<\/a>-Stuff echt gemocht. Aber dann mit Axis Mundi wollten wird einfach ausgefallene Sachen machen. <\/span><\/em><\/p>\n<p class=\"p1\"><em><span class=\"s1\">Gary: Sachen, die wir selber mehr h\u00f6ren w\u00fcrden. Es war nicht so, dass wir bei Kitsun\u00e9 bestimmte Sachen gemacht haben, um einer bestimmten Zielgruppe zu gefallen. Aber wenn du von einem franz\u00f6sischen Dance-Label unter Vertrag genommen wirst, dann hast du eher die Tendenz auch tanzbare Musik zu machen. Aber vielleicht wollten wir gar keine tanzbaren Songs machen? <\/span><\/em><\/p>\n<p class=\"p1\"><em><span class=\"s1\">Simon: Naja, manchmal vielleicht schon. Aber meistens l\u00e4uft es so: Komm wir machen einen tanzbaren Song \u2026 ach schei\u00df drauf, wir machen nur was mit Gitarren! Schlagzeug? Brauchen wir nicht. <\/span><\/em><\/p>\n<p class=\"p1\"><em><span class=\"s1\">Gary: Aber so billig es auch klingen mag, ich denke schon unsere Musik ist erwachsener geworden. Die Produktion ist viel besser. Die Inhalte der Songs sind bedeutungsvoller. Und wir machen nichts mehr um irgendwem zu gefallen. Wir machen nur das, worauf wir Bock haben und was uns gef\u00e4llt. <\/span><\/em><\/p>\n<p class=\"p1\"><em><span class=\"s1\">Simon: Als wir angefangen haben, hatten wir nichtmal ein Stimmger\u00e4t. <\/span><\/em><\/p>\n<p class=\"p1\"><em><span class=\"s1\">Gary: Wir mussten vor den Gigs immer auf die Toiletten\u00a0gehen und unser Ohr an die unverst\u00e4rkten E-Gitarren halten. <\/span><\/em><\/p>\n<p class=\"p1\"><em><span class=\"s1\">Simon: Beim Soundcheck fragten wir den Techniker, wie er es so finden w\u00fcrde und der sagte nur: \u201eJaja ganz gut, aber habt ihr noch vor eure Instrumente zu stimmen bevor ihr spielt?\u201c. <\/span><\/em><\/p>\n<p class=\"p1\"><span class=\"s1\"><b>Besonders viel Aufsehen habt ihr mit euren provokanten Musikvideos gemacht. Wie wichtig sind Videos f\u00fcr eure Kunst? <\/b><\/span><\/p>\n<p class=\"p1\"><em><span class=\"s1\">Simon: Als wir unser erstes Album rausgebracht haben, hatten wir kein Geld f\u00fcr Poster oder Radio-Promo. Das bisschen Geld das wir hatten, steckten wir in die Videoproduktion. Und es hat so viel besser funktioniert als jedes Poster, dass wir je h\u00e4tten drucken k\u00f6nnen. <\/span><\/em><\/p>\n<p class=\"p1\"><em><span class=\"s1\">Gary: Wir haben mit Leuten zusammengearbeitet, deren verr\u00fcckte Ideen \u00fcberall abgelehnt wurden, weil sie als zu abgefahren galten. Sie fragten uns: \u201eAber in dem Video werden sich Kinder gegenseitig umbringen\u201c und wir sagten einfach: \u201eFuck it! Let\u2019s do it\u201c.<\/span><\/em><\/p>\n<p class=\"p1\"><b>Bis in vier Jahren, Jungs!<\/b><\/p>\n<p><iframe src=\"https:\/\/player.vimeo.com\/video\/66817570?color=24ab99&amp;title=0&amp;byline=0&amp;portrait=0\" width=\"640\" height=\"360\" frameborder=\"0\" allowfullscreen=\"allowfullscreen\"><\/iframe><\/p>\n<p>Is Tropical haben einen enormen Wandel hinter sich. Bei ihrem Konzert merkt man ihnen diesen Umbruch aber bisweilen noch an. Neben der deutlich reiferen neuen\u00a0Musik, wirken die Songs der ersten Alben etwas deplatziert.\u00a0Nach dem\u00a0anf\u00e4nglichen Hype bem\u00fcht sich die Band nun auch um musikalische Nachhaltigkeit. Die Abkehr von Kitsun\u00e9 hin zu \u00a0ihrem neuen Label Axis Mundi war ein Schritt aus der drohenden Bedeutungslosigkeit heraus. Doch nur das zu machen, was einem selbst gef\u00e4llt, birgt auch ein gro\u00dfes Risiko: Die richtig gro\u00dfen Gigs bleiben seit geraumer Zeit aus. Die Band spielt ums \u00fcberleben und tingelt von einem Auftritt zum N\u00e4chsten. Parallel versucht sie, sich komplett neu auszurichten. Eine Mammutaufgabe. Der sympathischen Truppe aus England ist es zu w\u00fcnschen, dass sie bald auch mit ihrer neuen Musik ihre verdiente Aufmerksamkeit erlangen.<\/p>\n<hr \/>\n<h3 class=\"p1\">Is Tropical haben ihre aktuellen musikalischen Favoriten notiert:<\/h3>\n<p class=\"p1\"><img data-attachment-id=\"2863\" data-permalink=\"https:\/\/machmaleinen.com\/blog\/2015\/09\/interview-is-tropical\/istropicaltipps\/\" data-orig-file=\"https:\/\/i1.wp.com\/machmaleinen.com\/blog\/wp-content\/uploads\/2015\/09\/istropicaltipps.png?fit=1828%2C1236&amp;ssl=1\" data-orig-size=\"1828,1236\" data-comments-opened=\"1\" data-image-meta=\"{&quot;aperture&quot;:&quot;0&quot;,&quot;credit&quot;:&quot;&quot;,&quot;camera&quot;:&quot;&quot;,&quot;caption&quot;:&quot;&quot;,&quot;created_timestamp&quot;:&quot;0&quot;,&quot;copyright&quot;:&quot;&quot;,&quot;focal_length&quot;:&quot;0&quot;,&quot;iso&quot;:&quot;0&quot;,&quot;shutter_speed&quot;:&quot;0&quot;,&quot;title&quot;:&quot;&quot;,&quot;orientation&quot;:&quot;0&quot;}\" data-image-title=\"istropicaltipps\" data-image-description=\"\" data-medium-file=\"https:\/\/i1.wp.com\/machmaleinen.com\/blog\/wp-content\/uploads\/2015\/09\/istropicaltipps.png?fit=300%2C203&amp;ssl=1\" data-large-file=\"https:\/\/i1.wp.com\/machmaleinen.com\/blog\/wp-content\/uploads\/2015\/09\/istropicaltipps.png?fit=900%2C608&amp;ssl=1\" loading=\"lazy\" class=\"aligncenter size-large wp-image-2863\" src=\"https:\/\/i0.wp.com\/machmaleinen.com\/blog\/wp-content\/uploads\/2015\/09\/istropicaltipps-1024x692.png?resize=900%2C608\" alt=\"istropicaltipps\" width=\"900\" height=\"608\" srcset=\"https:\/\/i1.wp.com\/machmaleinen.com\/blog\/wp-content\/uploads\/2015\/09\/istropicaltipps.png?resize=1024%2C692&amp;ssl=1 1024w, https:\/\/i1.wp.com\/machmaleinen.com\/blog\/wp-content\/uploads\/2015\/09\/istropicaltipps.png?resize=300%2C203&amp;ssl=1 300w, https:\/\/i1.wp.com\/machmaleinen.com\/blog\/wp-content\/uploads\/2015\/09\/istropicaltipps.png?resize=881%2C596&amp;ssl=1 881w, https:\/\/i1.wp.com\/machmaleinen.com\/blog\/wp-content\/uploads\/2015\/09\/istropicaltipps.png?w=1828&amp;ssl=1 1828w\" sizes=\"(max-width: 900px) 100vw, 900px\" data-recalc-dims=\"1\" \/><strong>*(Anm. d. Red.: Inzwischen wurde Jeremy Corbyn zum Parteichef der Labour-Partei gew\u00e4hlt)<\/strong><\/p>\n<div class=\"sharedaddy sd-sharing-enabled\">\n<div class=\"robots-nocontent sd-block sd-social sd-social-official sd-sharing\">\n<h3 class=\"sd-title\">Teilen mit:<\/h3>\n<div class=\"sd-content\">\n<ul>\n<li class=\"share-facebook\">\n<div class=\"fb-share-button\" data-href=\"https:\/\/machmaleinen.com\/blog\/2015\/09\/interview-is-tropical\/\" data-layout=\"button_count\"><\/div>\n<\/li>\n<li class=\"share-twitter\"><a href=\"https:\/\/twitter.com\/share\" class=\"twitter-share-button\" data-url=\"https:\/\/machmaleinen.com\/blog\/2015\/09\/interview-is-tropical\/\" data-text=\"Interview: Is Tropical\"  >Tweet<\/a><\/li>\n<li class=\"share-tumblr\"><a class=\"tumblr-share-button\" target=\"_blank\" href=\"https:\/\/www.tumblr.com\/share\" data-title=\"Interview: Is Tropical\" data-content=\"https:\/\/machmaleinen.com\/blog\/2015\/09\/interview-is-tropical\/\" title=\"Auf Tumblr teilen\"data-posttype=\"link\">Auf Tumblr teilen<\/a><\/li>\n<li class=\"share-end\"><\/li>\n<\/ul>\n<\/div>\n<\/div>\n<\/div>\n","protected":false},"excerpt":{"rendered":"<p>Vor vier Jahren haben wir Is Tropical im K\u00f6lner Geb\u00e4ude 9 das erste Mal getroffen. Seitdem hat sich viel getan: Die Band hat ein weiteres Album und unz\u00e4hlige Singles herausgebracht. Aber auch abseits der Musik gab es viele Ver\u00e4nderungen. Au\u00dferdem haben sie uns erz\u00e4hlt, warum sie Jeremy Corbyn f\u00fcr den Retter Londons halten und warum Englands Fl\u00fcchtlingspolitik beschissen ist. End.<\/p>\n<div class=\"sharedaddy sd-sharing-enabled\"><div class=\"robots-nocontent sd-block sd-social sd-social-official sd-sharing\"><h3 class=\"sd-title\">Teilen mit:<\/h3><div class=\"sd-content\"><ul><li class=\"share-facebook\"><div class=\"fb-share-button\" data-href=\"https:\/\/machmaleinen.com\/blog\/2015\/09\/interview-is-tropical\/\" data-layout=\"button_count\"><\/div><\/li><li class=\"share-twitter\"><a href=\"https:\/\/twitter.com\/share\" class=\"twitter-share-button\" data-url=\"https:\/\/machmaleinen.com\/blog\/2015\/09\/interview-is-tropical\/\" data-text=\"Interview: Is Tropical\"  >Tweet<\/a><\/li><li class=\"share-tumblr\"><a class=\"tumblr-share-button\" target=\"_blank\" href=\"https:\/\/www.tumblr.com\/share\" data-title=\"Interview: Is Tropical\" data-content=\"https:\/\/machmaleinen.com\/blog\/2015\/09\/interview-is-tropical\/\" title=\"Auf Tumblr teilen\"data-posttype=\"link\">Auf Tumblr teilen<\/a><\/li><li class=\"share-end\"><\/li><\/ul><\/div><\/div><\/div>","protected":false},"author":1,"featured_media":2854,"comment_status":"open","ping_status":"open","sticky":false,"template":"","format":"standard","meta":{"spay_email":"","jetpack_publicize_message":"","jetpack_is_tweetstorm":false},"categories":[492,494,521],"tags":[925,947,499,936,929,937,948,884,693,932,921,950,852,949,512,944,943,938,926,923,920,918,927,922,946,940,740,939,935,942,632,928,945,934,930,598,579,919,931,933,924,673,941],"jetpack_featured_media_url":"https:\/\/i2.wp.com\/machmaleinen.com\/blog\/wp-content\/uploads\/2015\/09\/Black300dpi_care.jpg?fit=6002%2C4000&ssl=1","jetpack_publicize_connections":[],"jetpack_shortlink":"https:\/\/wp.me\/pBHJR-K0","jetpack_sharing_enabled":true,"_links":{"self":[{"href":"https:\/\/machmaleinen.com\/blog\/wp-json\/wp\/v2\/posts\/2852"}],"collection":[{"href":"https:\/\/machmaleinen.com\/blog\/wp-json\/wp\/v2\/posts"}],"about":[{"href":"https:\/\/machmaleinen.com\/blog\/wp-json\/wp\/v2\/types\/post"}],"author":[{"embeddable":true,"href":"https:\/\/machmaleinen.com\/blog\/wp-json\/wp\/v2\/users\/1"}],"replies":[{"embeddable":true,"href":"https:\/\/machmaleinen.com\/blog\/wp-json\/wp\/v2\/comments?post=2852"}],"version-history":[{"count":26,"href":"https:\/\/machmaleinen.com\/blog\/wp-json\/wp\/v2\/posts\/2852\/revisions"}],"predecessor-version":[{"id":2883,"href":"https:\/\/machmaleinen.com\/blog\/wp-json\/wp\/v2\/posts\/2852\/revisions\/2883"}],"wp:featuredmedia":[{"embeddable":true,"href":"https:\/\/machmaleinen.com\/blog\/wp-json\/wp\/v2\/media\/2854"}],"wp:attachment":[{"href":"https:\/\/machmaleinen.com\/blog\/wp-json\/wp\/v2\/media?parent=2852"}],"wp:term":[{"taxonomy":"category","embeddable":true,"href":"https:\/\/machmaleinen.com\/blog\/wp-json\/wp\/v2\/categories?post=2852"},{"taxonomy":"post_tag","embeddable":true,"href":"https:\/\/machmaleinen.com\/blog\/wp-json\/wp\/v2\/tags?post=2852"}],"curies":[{"name":"wp","href":"https:\/\/api.w.org\/{rel}","templated":true}]}}